{"id":70,"count":1,"description":"","link":"https:\/\/vidaoeste.org\/en\/imi_sermon-series\/delmiedoalaesperanza\/","name":"Del Miedo a la Esperanza | Mauricio Sol\u00eds Paz | Reuni\u00f3n en l\u00ednea","slug":"delmiedoalaesperanza","taxonomy":"imi_isermons-series","parent":0,"meta":[],"meta_box":[],"_links":{"self":[{"href":"https:\/\/vidaoeste.org\/en\/wp-json\/wp\/v2\/imi_isermons-series\/70","targetHints":{"allow":["GET"]}}],"collection":[{"href":"https:\/\/vidaoeste.org\/en\/wp-json\/wp\/v2\/imi_isermons-series"}],"about":[{"href":"https:\/\/vidaoeste.org\/en\/wp-json\/wp\/v2\/taxonomies\/imi_isermons-series"}],"wp:post_type":[{"href":"https:\/\/vidaoeste.org\/en\/wp-json\/wp\/v2\/imi_isermons?imi_isermons-series=70"}],"curies":[{"name":"wp","href":"https:\/\/api.w.org\/{rel}","templated":true}]}}