{"id":3821,"date":"2025-06-26T15:05:05","date_gmt":"2025-06-26T15:05:05","guid":{"rendered":"https:\/\/vidaabundanteoeste.xerasistemas.tech\/?p=3821"},"modified":"2025-07-01T01:16:16","modified_gmt":"2025-07-01T01:16:16","slug":"no-explote-ni-se-calle-aprenda-a-confrontar-con-amor","status":"publish","type":"post","link":"https:\/\/vidaoeste.org\/en\/no-explote-ni-se-calle-aprenda-a-confrontar-con-amor\/","title":{"rendered":"No explote ni se calle: aprenda a confrontar con amor"},"content":{"rendered":"<div data-elementor-type=\"wp-post\" data-elementor-id=\"3821\" class=\"elementor elementor-3821\" data-elementor-post-type=\"post\">\n\t\t\t\t<div class=\"elementor-element elementor-element-394f80ed e-con-full e-flex e-con e-parent\" data-id=\"394f80ed\" data-element_type=\"container\" data-e-type=\"container\">\n\t\t\t\t<div class=\"elementor-element elementor-element-e4ea651 elementor-widget elementor-widget-text-editor\" data-id=\"e4ea651\" data-element_type=\"widget\" data-e-type=\"widget\" data-widget_type=\"text-editor.default\">\n\t\t\t\t<div class=\"elementor-widget-container\">\n\t\t\t\t\t\t\t\t\t\n<p>Por David Mar\u00edn Mora<\/p>\n\t\t\t\t\t\t\t\t<\/div>\n\t\t\t\t<\/div>\n\t\t\t\t<div class=\"elementor-element elementor-element-575830a9 elementor-widget elementor-widget-text-editor\" data-id=\"575830a9\" data-element_type=\"widget\" data-e-type=\"widget\" data-widget_type=\"text-editor.default\">\n\t\t\t\t<div class=\"elementor-widget-container\">\n\t\t\t\t\t\t\t\t\t<p><span style=\"text-align: justify;\">Los que me conocen saben que soy una persona conciliadora. Me cuesta el conflicto y, si pudiera, evitar\u00eda cualquier conversaci\u00f3n inc\u00f3moda. El arte de confrontar no me sale natural; es algo que he tenido que aprender y ejercitar con intenci\u00f3n. No vengo con ese chip.<\/span><\/p>\n<p>\u00a0<\/p>\n<p><!-- \/wp:paragraph --><!-- wp:paragraph {\"className\":\"blog-custom\"} --><\/p>\n<p class=\"blog-custom\">Pero si hay un lugar donde he encontrado sabidur\u00eda pr\u00e1ctica y profunda para hacerlo bien, no ha sido en libros de autoayuda ni en consejos de redes sociales. Ha sido en la Palabra de Dios. Y en especial, en las palabras de Jes\u00fas, quien nos ense\u00f1a c\u00f3mo confrontar sin herir, c\u00f3mo hablar sin destruir, y c\u00f3mo restaurar sin perder el amor.<\/p>\n<p><!-- \/wp:paragraph --><!-- wp:paragraph {\"className\":\"blog-custom\"} --><\/p>\n<p class=\"blog-custom\">Porque s\u00ed, hay momentos donde el silencio ya no alcanza. Callar puede parecer m\u00e1s f\u00e1cil, pero a la larga da\u00f1a. Y confrontar sin sabidur\u00eda tambi\u00e9n puede romper lo que queremos proteger. Entonces, \u00bfc\u00f3mo y cu\u00e1ndo hablar?<\/p>\n<p><!-- \/wp:paragraph --><!-- wp:list {\"ordered\":true} --><\/p>\n<ol class=\"wp-block-list\">\n<li style=\"list-style-type: none;\">\n<ol class=\"wp-block-list\"><!-- wp:list-item --><\/ol>\n<\/li>\n<\/ol>\n<p><!-- \/wp:paragraph --><\/p>\t\t\t\t\t\t\t\t<\/div>\n\t\t\t\t<\/div>\n\t\t\t\t<div class=\"elementor-element elementor-element-c8dff93 elementor-widget elementor-widget-text-editor\" data-id=\"c8dff93\" data-element_type=\"widget\" data-e-type=\"widget\" data-widget_type=\"text-editor.default\">\n\t\t\t\t<div class=\"elementor-widget-container\">\n\t\t\t\t\t\t\t\t\t<ol>\n<li><strong>\u00bfCu\u00e1ndo vale la pena confrontar?<\/strong><\/li>\n<\/ol>\n<p><!-- \/wp:list-item --><\/p>\n<p><!-- \/wp:list --><!-- wp:paragraph {\"className\":\"blog-custom\"} --><\/p>\n<p><!-- \/wp:paragraph --><\/p>\t\t\t\t\t\t\t\t<\/div>\n\t\t\t\t<\/div>\n\t\t\t\t<div class=\"elementor-element elementor-element-8f583e5 elementor-widget elementor-widget-text-editor\" data-id=\"8f583e5\" data-element_type=\"widget\" data-e-type=\"widget\" data-widget_type=\"text-editor.default\">\n\t\t\t\t<div class=\"elementor-widget-container\">\n\t\t\t\t\t\t\t\t\t<p class=\"blog-custom\">\u201cSi un creyente peca contra ti, habla con \u00e9l en privado y hazle ver su falta.\u201d \u2014\u00a0<em>Mateo 18:15, NTV<\/em><\/p>\n<p>\u00a0<\/p>\n<p><!-- \/wp:paragraph --><!-- wp:paragraph {\"className\":\"blog-custom\"} --><\/p>\n<p class=\"blog-custom\">No todo merece una confrontaci\u00f3n. Jes\u00fas no dice \u201csi alguien te molesta\u201d, sino \u201csi peca contra ti\u201d. Eso nos invita a preguntarnos:\u00a0<strong>\u00bfEsto afecta realmente la relaci\u00f3n, o es solo una diferencia de personalidad?<\/strong><\/p>\n<p>\u00a0<\/p>\n<p><!-- \/wp:paragraph --><!-- wp:paragraph {\"className\":\"blog-custom\"} --><\/p>\n<p class=\"blog-custom\">Si la relaci\u00f3n es importante (pareja, amistades, familia, compa\u00f1eros de comunidad), no la descuidemos por miedo al conflicto. Confrontar con respeto puede ser el paso que evite una herida m\u00e1s profunda. A veces, no hablar a tiempo genera resentimiento que pudo haberse evitado.<\/p>\n<p><!-- \/wp:paragraph --><!-- wp:list {\"ordered\":true,\"start\":2} --><\/p>\n<ol class=\"wp-block-list\" start=\"2\">\n<li style=\"list-style-type: none;\">\n<ol class=\"wp-block-list\" start=\"2\"><!-- wp:list-item --><\/ol>\n<\/li>\n<\/ol>\n<p><!-- \/wp:paragraph --><\/p>\t\t\t\t\t\t\t\t<\/div>\n\t\t\t\t<\/div>\n\t\t\t\t<div class=\"elementor-element elementor-element-7c8bf50 elementor-widget elementor-widget-text-editor\" data-id=\"7c8bf50\" data-element_type=\"widget\" data-e-type=\"widget\" data-widget_type=\"text-editor.default\">\n\t\t\t\t<div class=\"elementor-widget-container\">\n\t\t\t\t\t\t\t\t\t<ol class=\"wp-block-list\" start=\"2\">\n<li style=\"list-style-type: none;\">\n<ol class=\"wp-block-list\" start=\"2\">\n<li><strong>\u00bfCon qu\u00e9 actitud debo hablar?<\/strong><\/li>\n<\/ol>\n<\/li>\n<\/ol>\n<p><!-- \/wp:list-item --><\/p>\n<p><!-- \/wp:list --><!-- wp:paragraph {\"className\":\"blog-custom\"} --><\/p>\n<p><!-- \/wp:paragraph --><\/p>\t\t\t\t\t\t\t\t<\/div>\n\t\t\t\t<\/div>\n\t\t\t\t<div class=\"elementor-element elementor-element-040ec7a elementor-widget elementor-widget-text-editor\" data-id=\"040ec7a\" data-element_type=\"widget\" data-e-type=\"widget\" data-widget_type=\"text-editor.default\">\n\t\t\t\t<div class=\"elementor-widget-container\">\n\t\t\t\t\t\t\t\t\t<p class=\"blog-custom\">\u201cSi te escucha y confiesa su pecado, habr\u00e1s recuperado a esa persona.\u201d \u2014\u00a0<em>Mateo 18:15, NTV<\/em><\/p>\n<p>\u00a0<\/p>\n<p><!-- \/wp:paragraph --><!-- wp:paragraph {\"className\":\"blog-custom\"} --><\/p>\n<p class=\"blog-custom\">El objetivo no es ganar la discusi\u00f3n, sino\u00a0<strong>ganar a la persona<\/strong>. Muchas veces hablamos desde el orgullo, desde el deseo de tener raz\u00f3n. Pero Jes\u00fas nos llama a hablar desde el amor y con el deseo de restaurar la relaci\u00f3n..<\/p>\n<p>\u00a0<\/p>\n<p><!-- \/wp:paragraph --><!-- wp:paragraph {\"className\":\"blog-custom\"} --><\/p>\n<p class=\"blog-custom\">Antes de decir algo, preg\u00fantese:\u00a0<em>\u00bfEstoy hablando para sanar o solo para desahogarme?<\/em>\u00a0Si la motivaci\u00f3n es correcta, el tono tambi\u00e9n lo ser\u00e1.<\/p>\n<p><!-- \/wp:paragraph --><!-- wp:list {\"ordered\":true,\"start\":3} --><\/p>\n<ol class=\"wp-block-list\" start=\"3\">\n<li style=\"list-style-type: none;\">\n<ol class=\"wp-block-list\" start=\"3\"><!-- wp:list-item --><\/ol>\n<\/li>\n<\/ol>\n<p><!-- \/wp:paragraph --><\/p>\t\t\t\t\t\t\t\t<\/div>\n\t\t\t\t<\/div>\n\t\t\t\t<div class=\"elementor-element elementor-element-e29a55b elementor-widget elementor-widget-text-editor\" data-id=\"e29a55b\" data-element_type=\"widget\" data-e-type=\"widget\" data-widget_type=\"text-editor.default\">\n\t\t\t\t<div class=\"elementor-widget-container\">\n\t\t\t\t\t\t\t\t\t<ol class=\"wp-block-list\" start=\"3\">\n<li style=\"list-style-type: none;\">\n<ol class=\"wp-block-list\" start=\"3\">\n<li><strong>\u00bfC\u00f3mo confrontar con sabidur\u00eda?<\/strong><\/li>\n<\/ol>\n<\/li>\n<\/ol>\n<p><!-- \/wp:list-item --><\/p>\n<p><!-- \/wp:list --><!-- wp:paragraph {\"className\":\"blog-custom\"} --><\/p>\n<p><!-- \/wp:paragraph --><\/p>\t\t\t\t\t\t\t\t<\/div>\n\t\t\t\t<\/div>\n\t\t\t\t<div class=\"elementor-element elementor-element-4e98d7e elementor-widget elementor-widget-text-editor\" data-id=\"4e98d7e\" data-element_type=\"widget\" data-e-type=\"widget\" data-widget_type=\"text-editor.default\">\n\t\t\t\t<div class=\"elementor-widget-container\">\n\t\t\t\t\t\t\t\t\t<p class=\"blog-custom\">Jes\u00fas no solo nos da el \u201cpor qu\u00e9\u201d sino tambi\u00e9n el \u201cc\u00f3mo\u201d. En Mateo 18:15-17 vemos un proceso:<\/p>\n<p><!-- \/wp:paragraph --><!-- wp:list --><\/p>\n<ul class=\"wp-block-list\">\n<li style=\"list-style-type: none;\">\n<ul class=\"wp-block-list\"><!-- wp:list-item {\"className\":\"blog-custom\"} --><\/ul>\n<\/li>\n<\/ul>\n<p><!-- \/wp:paragraph --><\/p>\t\t\t\t\t\t\t\t<\/div>\n\t\t\t\t<\/div>\n\t\t\t\t<div class=\"elementor-element elementor-element-49f655d elementor-widget elementor-widget-text-editor\" data-id=\"49f655d\" data-element_type=\"widget\" data-e-type=\"widget\" data-widget_type=\"text-editor.default\">\n\t\t\t\t<div class=\"elementor-widget-container\">\n\t\t\t\t\t\t\t\t\t<ul>\n<li><strong>Primero, hablar en privado.<\/strong>\u00a0Nada de indirectas, ni publicaciones pasivo-agresivas, ni chismes. Si algo le doli\u00f3, h\u00e1blelo directamente y en privado. Un \u201ccuando pas\u00f3 esto, me sent\u00ed as\u00ed\u201d puede abrir la puerta al entendimiento.<\/li>\n<\/ul>\n<p>\u00a0<\/p>\n<ul>\n<li><strong>Si no hay cambio, buscar ayuda sabia.<\/strong>\u00a0No para formar un bando, sino para buscar consejo y equilibrio. Jes\u00fas dice: \u201cLleva contigo a uno o dos m\u00e1s\u201d (<em>Mateo 18:16, NTV<\/em>).<\/li>\n<\/ul>\n<p>\u00a0<\/p>\n<ul>\n<li><strong>Si a\u00fan no hay respuesta, acudir a l\u00edderes espirituales.<\/strong>\u00a0No para exponer, sino para restaurar. Si aun as\u00ed no hay disposici\u00f3n, Jes\u00fas habla de poner l\u00edmites saludables.<\/li>\n<\/ul>\n<p><!-- \/wp:list-item --><!-- wp:list-item {\"className\":\"blog-custom\"} --><\/p>\n<p><!-- \/wp:list-item --><!-- wp:list-item {\"className\":\"blog-custom\"} --><\/p>\n<p><!-- \/wp:list-item --><\/p>\n<p><!-- \/wp:list --><!-- wp:paragraph {\"className\":\"blog-custom\"} --><\/p>\n<p><!-- \/wp:paragraph --><\/p>\t\t\t\t\t\t\t\t<\/div>\n\t\t\t\t<\/div>\n\t\t\t\t<div class=\"elementor-element elementor-element-180b2af elementor-widget elementor-widget-text-editor\" data-id=\"180b2af\" data-element_type=\"widget\" data-e-type=\"widget\" data-widget_type=\"text-editor.default\">\n\t\t\t\t<div class=\"elementor-widget-container\">\n\t\t\t\t\t\t\t\t\t<p>\u00a0<\/p>\n<p class=\"blog-custom\">\u201cSi la persona a\u00fan se niega a escuchar\u2026 tr\u00e1tala como a un pagano o un cobrador de impuestos.\u201d \u2014\u00a0<em>Mateo 18:17, NTV<\/em><\/p>\n<p>\u00a0<\/p>\n<p><!-- \/wp:paragraph --><!-- wp:paragraph {\"className\":\"blog-custom\"} --><\/p>\n<p class=\"blog-custom\">Esto no significa rechazar, sino reconocer que\u00a0<strong>no podemos forzar a alguien a cambiar<\/strong>, pero s\u00ed podemos decidir c\u00f3mo proteger nuestro coraz\u00f3n.<\/p>\n<p><!-- \/wp:paragraph --><!-- wp:paragraph --><\/p>\n<p><!-- \/wp:paragraph --><\/p>\t\t\t\t\t\t\t\t<\/div>\n\t\t\t\t<\/div>\n\t\t\t\t<div class=\"elementor-element elementor-element-e99e90f elementor-widget elementor-widget-text-editor\" data-id=\"e99e90f\" data-element_type=\"widget\" data-e-type=\"widget\" data-widget_type=\"text-editor.default\">\n\t\t\t\t<div class=\"elementor-widget-container\">\n\t\t\t\t\t\t\t\t\t<p><!-- \/wp:paragraph --><!-- wp:paragraph --><\/p>\n<p><strong>\u00bfPor qu\u00e9 hacerlo as\u00ed?<\/strong><\/p>\n<p><!-- \/wp:paragraph --><!-- wp:paragraph {\"className\":\"blog-custom\"} --><\/p>\n<p><!-- \/wp:paragraph --><\/p>\t\t\t\t\t\t\t\t<\/div>\n\t\t\t\t<\/div>\n\t\t\t\t<div class=\"elementor-element elementor-element-5c0d752 elementor-widget elementor-widget-text-editor\" data-id=\"5c0d752\" data-element_type=\"widget\" data-e-type=\"widget\" data-widget_type=\"text-editor.default\">\n\t\t\t\t<div class=\"elementor-widget-container\">\n\t\t\t\t\t\t\t\t\t<p class=\"blog-custom\">\u201cLes digo tambi\u00e9n: si dos de ustedes se ponen de acuerdo\u2026 mi Padre en el cielo lo conceder\u00e1. Pues donde se re\u00fanen dos o tres en mi nombre, yo estoy all\u00ed entre ellos.\u201d \u2014\u00a0<em>Mateo 18:19-20, NTV<\/em><\/p>\n<p>\u00a0<\/p>\n<p><!-- \/wp:paragraph --><!-- wp:paragraph {\"className\":\"blog-custom\"} --><\/p>\n<p class=\"blog-custom\">Cuando buscamos la paz con otros, Dios se involucra. Nos acompa\u00f1a, nos da sabidur\u00eda y est\u00e1 presente en medio de nuestras conversaciones dif\u00edciles.<\/p>\n<p>\u00a0<\/p>\n<p><!-- \/wp:paragraph --><!-- wp:paragraph {\"className\":\"blog-custom\"} --><\/p>\n<p class=\"blog-custom\">Adem\u00e1s, la Biblia es clara:<\/p>\n<p>\u00a0<\/p>\n<p><!-- \/wp:paragraph --><!-- wp:paragraph {\"className\":\"blog-custom\"} --><\/p>\n<p class=\"blog-custom\">\u201cNo alimentes odio en tu coraz\u00f3n\u2026 confr\u00f3ntalos directamente para que no seas c\u00f3mplice de su culpa\u2026 ama a tu pr\u00f3jimo como a ti mismo.\u201d \u2014\u00a0<em>Lev\u00edtico 19:17-18, NTV<\/em><\/p>\n<p>\u00a0<\/p>\n<p><!-- \/wp:paragraph --><!-- wp:paragraph {\"className\":\"blog-custom\"} --><\/p>\n<p class=\"blog-custom\">Dios nos llama a hablar la verdad con amor. No para da\u00f1ar, sino para sanar. No para imponer, sino para restaurar.<\/p>\n<p>\u00a0<\/p>\n<p><!-- \/wp:paragraph --><!-- wp:paragraph {\"className\":\"blog-custom bottom-space\"} --><\/p>\n<p class=\"blog-custom bottom-space\">Confrontar puede dar miedo, pero es una herramienta poderosa para fortalecer nuestras relaciones. Y si lo hacemos como Jes\u00fas lo ense\u00f1\u00f3, podemos esperar fruto de reconciliaci\u00f3n, libertad y madurez. \u00bfQuiere hablar con alguien o necesita ayuda para manejar una situaci\u00f3n dif\u00edcil? Escr\u00edbanos o hable con uno de nuestros l\u00edderes. No est\u00e1 solo.<\/p>\n<p><!-- \/wp:paragraph --><!-- wp:media-text {\"mediaId\":3822,\"mediaLink\":\"https:\/\/vidaabundanteoeste.xerasistemas.tech\/no-explote-ni-se-calle-aprenda-a-confrontar-con-amor\/whatsapp-image-2025-06-25-at-5-26-09-pm\/\",\"mediaType\":\"image\",\"mediaWidth\":49,\"imageFill\":true,\"focalPoint\":{\"x\":0.41,\"y\":0.32}} --><\/p>\n<p><!-- \/wp:paragraph --><\/p>\t\t\t\t\t\t\t\t<\/div>\n\t\t\t\t<\/div>\n\t\t\t\t<\/div>\n\t\t\t\t<\/div>","protected":false},"excerpt":{"rendered":"<p>Por David Mar\u00edn Mora Los que me conocen saben que soy una persona conciliadora. Me cuesta el conflicto y, si pudiera, evitar\u00eda cualquier conversaci\u00f3n inc\u00f3moda. [&hellip;]<\/p>","protected":false},"author":1,"featured_media":3837,"comment_status":"open","ping_status":"open","sticky":false,"template":"","format":"standard","meta":{"give_campaign_id":0,"om_disable_all_campaigns":false,"_monsterinsights_skip_tracking":false,"_monsterinsights_sitenote_active":false,"_monsterinsights_sitenote_note":"","_monsterinsights_sitenote_category":0,"_uf_show_specific_survey":0,"_uf_disable_surveys":false,"footnotes":""},"categories":[1],"tags":[],"class_list":["post-3821","post","type-post","status-publish","format-standard","has-post-thumbnail","hentry","category-blog"],"aioseo_notices":[],"meta_box":[],"_links":{"self":[{"href":"https:\/\/vidaoeste.org\/en\/wp-json\/wp\/v2\/posts\/3821","targetHints":{"allow":["GET"]}}],"collection":[{"href":"https:\/\/vidaoeste.org\/en\/wp-json\/wp\/v2\/posts"}],"about":[{"href":"https:\/\/vidaoeste.org\/en\/wp-json\/wp\/v2\/types\/post"}],"author":[{"embeddable":true,"href":"https:\/\/vidaoeste.org\/en\/wp-json\/wp\/v2\/users\/1"}],"replies":[{"embeddable":true,"href":"https:\/\/vidaoeste.org\/en\/wp-json\/wp\/v2\/comments?post=3821"}],"version-history":[{"count":41,"href":"https:\/\/vidaoeste.org\/en\/wp-json\/wp\/v2\/posts\/3821\/revisions"}],"predecessor-version":[{"id":3911,"href":"https:\/\/vidaoeste.org\/en\/wp-json\/wp\/v2\/posts\/3821\/revisions\/3911"}],"wp:featuredmedia":[{"embeddable":true,"href":"https:\/\/vidaoeste.org\/en\/wp-json\/wp\/v2\/media\/3837"}],"wp:attachment":[{"href":"https:\/\/vidaoeste.org\/en\/wp-json\/wp\/v2\/media?parent=3821"}],"wp:term":[{"taxonomy":"category","embeddable":true,"href":"https:\/\/vidaoeste.org\/en\/wp-json\/wp\/v2\/categories?post=3821"},{"taxonomy":"post_tag","embeddable":true,"href":"https:\/\/vidaoeste.org\/en\/wp-json\/wp\/v2\/tags?post=3821"}],"curies":[{"name":"wp","href":"https:\/\/api.w.org\/{rel}","templated":true}]}}