{"id":4016,"date":"2025-10-23T14:32:06","date_gmt":"2025-10-23T14:32:06","guid":{"rendered":"https:\/\/vidaoeste.org\/?p=4016"},"modified":"2025-10-23T14:42:38","modified_gmt":"2025-10-23T14:42:38","slug":"encuentros-con-la-gracias-dia-1","status":"publish","type":"post","link":"https:\/\/vidaoeste.org\/en\/encuentros-con-la-gracias-dia-1\/","title":{"rendered":"Encuentros con la gracia (D\u00eda 1)"},"content":{"rendered":"<div data-elementor-type=\"wp-post\" data-elementor-id=\"4016\" class=\"elementor elementor-4016\" data-elementor-post-type=\"post\">\n\t\t\t\t<div class=\"elementor-element elementor-element-3fc26b69 e-flex e-con-boxed e-con e-parent\" data-id=\"3fc26b69\" data-element_type=\"container\" data-e-type=\"container\">\n\t\t\t\t\t<div class=\"e-con-inner\">\n\t\t\t\t<div class=\"elementor-element elementor-element-483d6caa elementor-widget elementor-widget-text-editor\" data-id=\"483d6caa\" data-element_type=\"widget\" data-e-type=\"widget\" data-widget_type=\"text-editor.default\">\n\t\t\t\t<div class=\"elementor-widget-container\">\n\t\t\t\t\t\t\t\t\t<h3 class=\"wp-block-heading\">Introducci\u00f3n a la serie<\/h3><p><!-- \/wp:heading --><!-- wp:paragraph --><\/p><p><strong>Mateo 11:28\u201330 (NVI)<\/strong><br \/><em>Vengan a m\u00ed todos ustedes que est\u00e1n cansados y agobiados, y yo les dar\u00e9 descanso.<br \/>Carguen con mi yugo y aprendan de m\u00ed, pues yo soy apacible y humilde de coraz\u00f3n, y encontrar\u00e1n descanso para sus almas.<br \/>Porque mi yugo es suave y mi carga es liviana.<\/em><\/p><p>\u00a0<\/p><p>Un devocional diario no es solo leer un pasaje de la Biblia cada ma\u00f1ana, sino acudir a Jes\u00fas cada d\u00eda para recibir lo que el alma necesita: descanso, direcci\u00f3n y fuerza.<\/p><p><br \/>En Mateo 11, Jes\u00fas no nos llama a una experiencia \u00fanica, sino a un <em>ritmo de vida<\/em>: venir a \u00c9l continuamente, soltar nuestras cargas y aprender de su coraz\u00f3n. As\u00ed como comemos cada d\u00eda para vivir, tambi\u00e9n debemos alimentar el esp\u00edritu y descansar en Cristo todos los d\u00edas.<\/p><p>\u00a0<\/p><p><strong>Una invitaci\u00f3n para hoy (v.28)<\/strong><\/p><p><!-- \/wp:paragraph --><!-- wp:paragraph --><!-- \/wp:paragraph --><!-- wp:paragraph --><!-- \/wp:paragraph --><!-- wp:paragraph --><!-- \/wp:paragraph --><!-- wp:paragraph --><!-- \/wp:paragraph --><!-- wp:paragraph --><\/p><p>Jes\u00fas dice: <em>Vengan a m\u00ed\u2026 y yo les dar\u00e9 descanso.<\/em><br \/>No es un llamado para cuando tengamos todo bajo control, sino para este momento, con el peso real que llevamos.<br \/>La promesa no es descanso temporal, sino un reposo profundo que toca el alma. Un devocional diario comienza cuando acepto la invitaci\u00f3n de Jes\u00fas hoy, sin excusas.<\/p><p>\u00a0<\/p><p><strong>Un caminar acompa\u00f1ado (v.29)<\/strong><\/p><p><!-- \/wp:paragraph --><!-- wp:paragraph --><!-- \/wp:paragraph --><!-- wp:paragraph --><!-- \/wp:paragraph --><!-- wp:paragraph --><!-- \/wp:paragraph --><!-- wp:paragraph --><\/p><p><em>Carguen con mi yugo y aprendan de m\u00ed\u2026<\/em><br \/>El yugo implica caminar al mismo paso que Cristo. En el devocional diario, no solo descargamos nuestras preocupaciones, sino que aprendemos de su car\u00e1cter: mansedumbre y humildad.<br \/>Con cada jornada, \u00c9l nos moldea, suaviza nuestro coraz\u00f3n y ajusta nuestras prioridades.<\/p><p>\u00a0<\/p><p><strong>Una carga ligera (v.30)<\/strong><\/p><p><!-- \/wp:paragraph --><!-- wp:paragraph --><!-- \/wp:paragraph --><!-- wp:paragraph --><!-- \/wp:paragraph --><!-- wp:paragraph --><!-- \/wp:paragraph --><!-- wp:paragraph --><\/p><p>El mundo pone yugos pesados: expectativas, miedo, perfeccionismo.<br \/>El yugo de Jes\u00fas, en cambio, libera. Es suave y liviano porque \u00c9l lleva el peso con nosotros.<br \/>En un devocional diario, esta verdad se renueva: no camino solo, y lo que enfrento hoy no supera su gracia.<\/p><p>\u00a0<\/p><p><strong>El descanso de cada d\u00eda.<\/strong><\/p><p><!-- \/wp:paragraph --><!-- wp:paragraph --><!-- \/wp:paragraph --><!-- wp:paragraph --><\/p><p>As\u00ed como oramos &#8220;danos hoy nuestro pan cotidiano&#8221; (Mt 6:11), tambi\u00e9n podemos pedir: &#8220;Se\u00f1or, dame hoy tu descanso.&#8221;<br \/>Un devocional diario es la cita de cada d\u00eda con Jes\u00fas para intercambiar peso por paz, cansancio por fuerza, confusi\u00f3n por direcci\u00f3n.<br \/>No necesitamos provisi\u00f3n acumulada; lo que \u00c9l nos da es suficiente para hoy\u2026 y ma\u00f1ana habr\u00e1 m\u00e1s.<\/p><p>\u00a0<\/p><p><em>Se\u00f1or Jes\u00fas, hoy acudo a Ti con mi carga. Quiero caminar a tu paso, aprender de tu coraz\u00f3n y descansar en tu presencia. Gracias porque tu yugo es suave y tu carga es ligera. Am\u00e9n.<\/em><\/p><p>\u00a0<\/p><p>El devocional diario no es una tarea, es un encuentro: dejar mis cargas y recibir su descanso.<\/p><p>\u00a0<\/p><p>\u00a1Que el Se\u00f1or bendiga tu vida!<\/p><p><!-- \/wp:paragraph --><!-- wp:paragraph --><!-- \/wp:paragraph --><!-- wp:paragraph --><!-- \/wp:paragraph --><!-- wp:paragraph --><!-- \/wp:paragraph --><!-- wp:paragraph --><!-- \/wp:paragraph --><!-- wp:paragraph --><!-- \/wp:paragraph --><!-- wp:paragraph --><!-- \/wp:paragraph --><!-- wp:paragraph --><!-- \/wp:paragraph --><!-- wp:paragraph --><!-- \/wp:paragraph --><!-- wp:paragraph --><\/p><p><!-- \/wp:paragraph --><\/p>\t\t\t\t\t\t\t\t<\/div>\n\t\t\t\t<\/div>\n\t\t\t\t\t<\/div>\n\t\t\t\t<\/div>\n\t\t\t\t<\/div>","protected":false},"excerpt":{"rendered":"<p>Por Edgar Obando. Introducci\u00f3n a la serie de devocionales: &#8216;Encuentros con la gracia&#8217;.<\/p>","protected":false},"author":3,"featured_media":4017,"comment_status":"open","ping_status":"open","sticky":false,"template":"","format":"standard","meta":{"give_campaign_id":0,"om_disable_all_campaigns":false,"_monsterinsights_skip_tracking":false,"_monsterinsights_sitenote_active":false,"_monsterinsights_sitenote_note":"","_monsterinsights_sitenote_category":0,"_uf_show_specific_survey":0,"_uf_disable_surveys":false,"footnotes":""},"categories":[1],"tags":[],"class_list":["post-4016","post","type-post","status-publish","format-standard","has-post-thumbnail","hentry","category-blog"],"aioseo_notices":[],"meta_box":[],"_links":{"self":[{"href":"https:\/\/vidaoeste.org\/en\/wp-json\/wp\/v2\/posts\/4016","targetHints":{"allow":["GET"]}}],"collection":[{"href":"https:\/\/vidaoeste.org\/en\/wp-json\/wp\/v2\/posts"}],"about":[{"href":"https:\/\/vidaoeste.org\/en\/wp-json\/wp\/v2\/types\/post"}],"author":[{"embeddable":true,"href":"https:\/\/vidaoeste.org\/en\/wp-json\/wp\/v2\/users\/3"}],"replies":[{"embeddable":true,"href":"https:\/\/vidaoeste.org\/en\/wp-json\/wp\/v2\/comments?post=4016"}],"version-history":[{"count":17,"href":"https:\/\/vidaoeste.org\/en\/wp-json\/wp\/v2\/posts\/4016\/revisions"}],"predecessor-version":[{"id":4035,"href":"https:\/\/vidaoeste.org\/en\/wp-json\/wp\/v2\/posts\/4016\/revisions\/4035"}],"wp:featuredmedia":[{"embeddable":true,"href":"https:\/\/vidaoeste.org\/en\/wp-json\/wp\/v2\/media\/4017"}],"wp:attachment":[{"href":"https:\/\/vidaoeste.org\/en\/wp-json\/wp\/v2\/media?parent=4016"}],"wp:term":[{"taxonomy":"category","embeddable":true,"href":"https:\/\/vidaoeste.org\/en\/wp-json\/wp\/v2\/categories?post=4016"},{"taxonomy":"post_tag","embeddable":true,"href":"https:\/\/vidaoeste.org\/en\/wp-json\/wp\/v2\/tags?post=4016"}],"curies":[{"name":"wp","href":"https:\/\/api.w.org\/{rel}","templated":true}]}}